{"id":9427,"date":"2023-08-07T13:53:03","date_gmt":"2023-08-07T11:53:03","guid":{"rendered":"https:\/\/www.polyclinic.ch\/2023\/08\/07\/umbau-unserer-praxis\/"},"modified":"2023-08-07T13:53:03","modified_gmt":"2023-08-07T11:53:03","slug":"umbau-unserer-praxis","status":"publish","type":"post","link":"https:\/\/www.polyclinic.ch\/en\/2023\/08\/07\/umbau-unserer-praxis\/","title":{"rendered":"Umbau unserer Praxis"},"content":{"rendered":"\t\t<div data-elementor-type=\"wp-post\" data-elementor-id=\"9427\" class=\"elementor elementor-9427 elementor-7904\" data-elementor-post-type=\"post\">\n\t\t\t\t\t\t<section class=\"elementor-section elementor-top-section elementor-element elementor-element-a5c1c1a elementor-section-boxed elementor-section-height-default elementor-section-height-default\" data-id=\"a5c1c1a\" data-element_type=\"section\" data-e-type=\"section\">\n\t\t\t\t\t\t<div class=\"elementor-container elementor-column-gap-default\">\n\t\t\t\t\t<div class=\"elementor-column elementor-col-100 elementor-top-column elementor-element elementor-element-23b6d1f0\" data-id=\"23b6d1f0\" data-element_type=\"column\" data-e-type=\"column\">\n\t\t\t<div class=\"elementor-widget-wrap elementor-element-populated\">\n\t\t\t\t\t\t<div class=\"elementor-element elementor-element-aa921ce elementor-widget elementor-widget-theme-post-title elementor-page-title elementor-widget-heading\" data-id=\"aa921ce\" data-element_type=\"widget\" data-e-type=\"widget\" data-widget_type=\"theme-post-title.default\">\n\t\t\t\t<div class=\"elementor-widget-container\">\n\t\t\t\t\t<h1 class=\"elementor-heading-title elementor-size-default\">Umbau unserer Praxis<\/h1>\t\t\t\t<\/div>\n\t\t\t\t<\/div>\n\t\t\t\t\t<\/div>\n\t\t<\/div>\n\t\t\t\t\t<\/div>\n\t\t<\/section>\n\t\t\t\t<section class=\"elementor-section elementor-top-section elementor-element elementor-element-341a0dd5 elementor-section-boxed elementor-section-height-default elementor-section-height-default\" data-id=\"341a0dd5\" data-element_type=\"section\" data-e-type=\"section\">\n\t\t\t\t\t\t<div class=\"elementor-container elementor-column-gap-default\">\n\t\t\t\t\t<div class=\"elementor-column elementor-col-100 elementor-top-column elementor-element elementor-element-3b640494\" data-id=\"3b640494\" data-element_type=\"column\" data-e-type=\"column\">\n\t\t\t<div class=\"elementor-widget-wrap elementor-element-populated\">\n\t\t\t\t\t\t<div class=\"elementor-element elementor-element-e7b9cb4 elementor-widget elementor-widget-text-editor\" data-id=\"e7b9cb4\" data-element_type=\"widget\" data-e-type=\"widget\" data-widget_type=\"text-editor.default\">\n\t\t\t\t<div class=\"elementor-widget-container\">\n\t\t\t\t\t\t\t\t\t<p>Aufgrund des Zuzugs der Klinik Gut im Dezember 2023 kommt es im Medizinischen Zentrum Heilbad St. Moritz zu r\u00e4umlichen und baulichen Ver\u00e4nderungen. Die PolyClinic wird deshalb ihre jetzigen R\u00e4umlichkeiten verlassen und ab 1. Dezember 2023 neue R\u00e4umlichkeiten im 1. Stock des Medizinischen Zentrum Heilbad St. Moritz beziehen.<\/p><p>In der Umbauphase vom 1. August 2023 bis 30. November 2023 werden unsere Praxen in den hinteren Geb\u00e4udeteil verlegt und u\u0308ber zwei Stockwerke betrieben. W\u00e4hrend dieser Zeit befindet sich die Rezeption \/ Anmeldung im 3. Stock. Bitte nutzen Sie den hinteren Lift oder das hintere Treppenhaus, um in den 3. Stock zu gelangen. Das \u00e4rztliche Angebot fu\u0308r unsere Patienten k\u00f6nnen wir auch in der Umbauphase aufrecht erhalten.<\/p><p>Wir m\u00f6chten uns bereits jetzt fu\u0308r eventuelle Unannehmlichkeiten w\u00e4hrend des Umbaus entschuldigen und bedanken uns fu\u0308r Ihr Verst\u00e4ndnis.<\/p><p><em>Den ganzen Beitrag finden Sie unten im PDF.<\/em><\/p>\t\t\t\t\t\t\t\t<\/div>\n\t\t\t\t<\/div>\n\t\t\t\t<div class=\"elementor-element elementor-element-15fd5e1 elementor-align-left elementor-widget elementor-widget-raven-button\" data-id=\"15fd5e1\" data-element_type=\"widget\" data-e-type=\"widget\" data-settings=\"{&quot;turn_to_popup_action_button&quot;:&quot;no&quot;}\" data-widget_type=\"raven-button.default\">\n\t\t\t\t<div class=\"elementor-widget-container\">\n\t\t\t\t\t\t\t<div class=\"raven-widget-wrapper\">\n\t\t\t<a class=\"raven-button raven-button-widget-normal-effect-none  raven-button-text-align-center raven-button-link elementor-animation-none\" href=\"https:\/\/www.polyclinic.ch\/wp-content\/uploads\/2023\/08\/Polyclinic_Umbauflyer_A4_v3_-gut-zum-Druck.pdf\">\t\t\t\t<div class=\"raven-button-overlay\" ><\/div>\n\t\t\t\t<span class=\"raven-button-content\">\n\t\t\t\t\t\n\t\t\t\t\t<div class=\"button-text-container\">\n\t\t\t\t\t\t\t\t\t<span class=\"raven-button-icon raven-button-icon-position-left\">\n\t\t\t\t<i aria-hidden=\"true\" class=\"far fa-file-pdf\"><\/i>\t\t\t<\/span>\n\t\t\t\t\t\t\t\t<div class=\"raven-button-texts-wrapper\">\n\t\t\t\t\t\t\t<div class=\"button-text\">\n\t\t\t\t\t\t\t\t<span class=\"raven-button-text\">\n\t\t\t\t\t\t\t\t\tPDF lesen\t\t\t\t\t\t\t\t<\/span>\n\t\t\t\t\t\t\t<\/div>\n\t\t\t\t\t\t\t\t\t\t\t\t\t<\/div>\n\t\t\t\t\t\t\t\t\t\t\t<\/div>\n\t\t\t\t\t\n\t\t\t\t\t\t\t\t\t<\/span>\n\t\t\t<\/a>\t\t<\/div>\n\t\t\t\t\t\t<\/div>\n\t\t\t\t<\/div>\n\t\t\t\t<div class=\"elementor-element elementor-element-99c0787 elementor-widget elementor-widget-image\" data-id=\"99c0787\" data-element_type=\"widget\" data-e-type=\"widget\" data-widget_type=\"image.default\">\n\t\t\t\t<div class=\"elementor-widget-container\">\n\t\t\t\t\t\t\t\t\t\t\t\t\t\t\t<img decoding=\"async\" src=\"https:\/\/www.polyclinic.ch\/wp-content\/uploads\/2023\/08\/Karte_1.jpg\" title=\"\" alt=\"\" loading=\"lazy\" \/>\t\t\t\t\t\t\t\t\t\t\t\t\t\t\t<\/div>\n\t\t\t\t<\/div>\n\t\t\t\t\t<\/div>\n\t\t<\/div>\n\t\t\t\t\t<\/div>\n\t\t<\/section>\n\t\t\t\t<\/div>\n\t\t","protected":false},"excerpt":{"rendered":"<p>Aufgrund des Zuzugs der Klinik Gut im Dezember 2023 kommt es im Medizinischen Zentrum Heilbad St. Moritz zu r\u00e4umlichen und baulichen Ver\u00e4nderungen. Die PolyClinic wird deshalb ihre jetzigen R\u00e4umlichkeiten verlassen und ab 1. Dezember 2023 neue R\u00e4umlichkeiten im 1. Stock des Medizinischen Zentrum Heilbad St. Moritz beziehen. In der Umbauphase vom 1. August 2023 bis [&hellip;]<\/p>\n","protected":false},"author":6,"featured_media":9094,"comment_status":"closed","ping_status":"closed","sticky":false,"template":"elementor_header_footer","format":"standard","meta":{"_acf_changed":false,"footnotes":""},"categories":[17,72],"tags":[],"class_list":["post-9427","post","type-post","status-publish","format-standard","has-post-thumbnail","hentry","category-uncategorized-en","category-st-moritz-de-en"],"acf":[],"_links":{"self":[{"href":"https:\/\/www.polyclinic.ch\/en\/wp-json\/wp\/v2\/posts\/9427","targetHints":{"allow":["GET"]}}],"collection":[{"href":"https:\/\/www.polyclinic.ch\/en\/wp-json\/wp\/v2\/posts"}],"about":[{"href":"https:\/\/www.polyclinic.ch\/en\/wp-json\/wp\/v2\/types\/post"}],"author":[{"embeddable":true,"href":"https:\/\/www.polyclinic.ch\/en\/wp-json\/wp\/v2\/users\/6"}],"replies":[{"embeddable":true,"href":"https:\/\/www.polyclinic.ch\/en\/wp-json\/wp\/v2\/comments?post=9427"}],"version-history":[{"count":0,"href":"https:\/\/www.polyclinic.ch\/en\/wp-json\/wp\/v2\/posts\/9427\/revisions"}],"wp:featuredmedia":[{"embeddable":true,"href":"https:\/\/www.polyclinic.ch\/en\/wp-json\/wp\/v2\/media\/9094"}],"wp:attachment":[{"href":"https:\/\/www.polyclinic.ch\/en\/wp-json\/wp\/v2\/media?parent=9427"}],"wp:term":[{"taxonomy":"category","embeddable":true,"href":"https:\/\/www.polyclinic.ch\/en\/wp-json\/wp\/v2\/categories?post=9427"},{"taxonomy":"post_tag","embeddable":true,"href":"https:\/\/www.polyclinic.ch\/en\/wp-json\/wp\/v2\/tags?post=9427"}],"curies":[{"name":"wp","href":"https:\/\/api.w.org\/{rel}","templated":true}]}}